{"id":12112,"date":"2026-02-20T16:09:58","date_gmt":"2026-02-20T21:09:58","guid":{"rendered":"https:\/\/stjuliasilercity.org\/?p=12112"},"modified":"2026-02-20T16:45:51","modified_gmt":"2026-02-20T21:45:51","slug":"ashes-on-our-hearts","status":"publish","type":"post","link":"https:\/\/stjuliasilercity.org\/es\/ashes-on-our-hearts\/","title":{"rendered":"Ashes On Our Hearts \ud83d\udc9c Cenizas en Nuestros Corazones"},"content":{"rendered":"<h3 style=\"text-align: center;\"><strong>\ud83d\udc9cAshes On Our Hearts\ud83d\udc9c<\/strong><\/h3>\n<p>Let your heart lead you into Lent. Follow the way of your heart. Let your heart speak to you. Give your heart the freedom to speak to you and to lead you.<\/p>\n<ul>\n<li>Lent is more than just a time.<\/li>\n<li>Lent is meant to be an experience, an encounter with God in the depth of your heart.<\/li>\n<li>The spiritual path of an individual is often referred to as the path of the heart.<\/li>\n<li>The heart is that place within us where everything we experience is felt.<\/li>\n<li>It is the place where memories are also felt and not just remembered.<\/li>\n<li>The heart is that part of our life wherein we feel blessed or broken.<\/li>\n<li>It is a fragile place, a holy place, the most personal and private part of our life.<\/li>\n<\/ul>\n<p>The heart, once we enter it, always takes us to our true self that lets us know that we are deeply loved by God.<br \/>\nSo, from the heart we seek forgiveness and with all our heart we seek the inner peace we need.<\/p>\n<p style=\"text-align: center;\">Est\u00e1n en mis oraciones y en mi coraz\u00f3n<br \/>\nMay your Lent be a place of peace and goodness.<br \/>\nFray Julio<\/p>\n<p>&nbsp;<\/p>\n<h3 style=\"text-align: center;\"><strong>\ud83d\udc9cCenizas en Nuestros Corazones\ud83d\udc9c<\/strong><\/h3>\n<p>Deja que tu coraz\u00f3n te gu\u00ede en la Cuaresma. Sigue el camino de tu coraz\u00f3n. Deja que tu coraz\u00f3n te hable. Dale la libertad de hablarte y guiarte.<\/p>\n<ul>\n<li>La Cuaresma es m\u00e1s que un simple tiempo.<\/li>\n<li>La Cuaresma est\u00e1 destinada a ser una experiencia, un encuentro con Dios en lo m\u00e1s profundo de tu coraz\u00f3n.<\/li>\n<li>El camino espiritual de una persona a menudo se conoce como el camino del coraz\u00f3n.<\/li>\n<li>El coraz\u00f3n es ese lugar dentro de nosotros donde se siente todo lo que experimentamos.<\/li>\n<li>Es el lugar donde tambi\u00e9n se sienten los recuerdos, no solo se recuerdan.<\/li>\n<li>El coraz\u00f3n es esa parte de nuestra vida donde nos sentimos bendecidos o rotos.<\/li>\n<li>Es un lugar fr\u00e1gil, un lugar sagrado, la parte m\u00e1s personal y privada de nuestra vida.<\/li>\n<\/ul>\n<p>El coraz\u00f3n, una vez que entramos en \u00e9l, siempre nos lleva a nuestro verdadero ser, que nos permite saber que somos profundamente amados por Dios.<br \/>\nAs\u00ed que, desde el coraz\u00f3n buscamos el perd\u00f3n y con todo nuestro coraz\u00f3n buscamos la paz interior que necesitamos.<\/p>\n<p style=\"text-align: center;\">Est\u00e1n en mis oraciones y en mi coraz\u00f3n.<br \/>\nQue tu Cuaresma sea un lugar de paz y bondad.<br \/>\nFray Julio<\/p>","protected":false},"excerpt":{"rendered":"<p>\ud83d\udc9cAshes On Our Hearts\ud83d\udc9c Let your heart lead you into Lent. Follow the way of your heart. Let your heart speak to you. Give your heart the freedom to speak to you&#8230;<\/p>","protected":false},"author":6,"featured_media":10317,"comment_status":"open","ping_status":"closed","sticky":false,"template":"","format":"standard","meta":{"advanced_seo_description":"","jetpack_seo_html_title":"","jetpack_seo_noindex":false,"_jetpack_memberships_contains_paid_content":false,"footnotes":""},"categories":[186],"tags":[],"class_list":["post-12112","post","type-post","status-publish","format-standard","has-post-thumbnail","hentry","category-from-the-heart"],"jetpack_featured_media_url":"https:\/\/i0.wp.com\/stjuliasilercity.org\/wp-content\/uploads\/2025\/07\/From-the-Heart--e1756823877205.jpg?fit=500%2C500&ssl=1","jetpack_sharing_enabled":true,"_links":{"self":[{"href":"https:\/\/stjuliasilercity.org\/es\/wp-json\/wp\/v2\/posts\/12112","targetHints":{"allow":["GET"]}}],"collection":[{"href":"https:\/\/stjuliasilercity.org\/es\/wp-json\/wp\/v2\/posts"}],"about":[{"href":"https:\/\/stjuliasilercity.org\/es\/wp-json\/wp\/v2\/types\/post"}],"author":[{"embeddable":true,"href":"https:\/\/stjuliasilercity.org\/es\/wp-json\/wp\/v2\/users\/6"}],"replies":[{"embeddable":true,"href":"https:\/\/stjuliasilercity.org\/es\/wp-json\/wp\/v2\/comments?post=12112"}],"version-history":[{"count":2,"href":"https:\/\/stjuliasilercity.org\/es\/wp-json\/wp\/v2\/posts\/12112\/revisions"}],"predecessor-version":[{"id":12121,"href":"https:\/\/stjuliasilercity.org\/es\/wp-json\/wp\/v2\/posts\/12112\/revisions\/12121"}],"wp:featuredmedia":[{"embeddable":true,"href":"https:\/\/stjuliasilercity.org\/es\/wp-json\/wp\/v2\/media\/10317"}],"wp:attachment":[{"href":"https:\/\/stjuliasilercity.org\/es\/wp-json\/wp\/v2\/media?parent=12112"}],"wp:term":[{"taxonomy":"category","embeddable":true,"href":"https:\/\/stjuliasilercity.org\/es\/wp-json\/wp\/v2\/categories?post=12112"},{"taxonomy":"post_tag","embeddable":true,"href":"https:\/\/stjuliasilercity.org\/es\/wp-json\/wp\/v2\/tags?post=12112"}],"curies":[{"name":"wp","href":"https:\/\/api.w.org\/{rel}","templated":true}]}}