{"id":8069,"date":"2025-01-03T15:26:42","date_gmt":"2025-01-03T20:26:42","guid":{"rendered":"https:\/\/stjuliasilercity.org\/?p=8069"},"modified":"2025-01-03T15:31:09","modified_gmt":"2025-01-03T20:31:09","slug":"the-catholic-jubilee-year-2025-el-jubileo-catolico-2025","status":"publish","type":"post","link":"http:\/\/stjuliasilercity.org\/en\/the-catholic-jubilee-year-2025-el-jubileo-catolico-2025\/","title":{"rendered":"The Catholic Jubilee Year 2025 \/ El Jubileo Cat\u00f3lico 2025"},"content":{"rendered":"<h4 style=\"text-align: center;\"><strong>The Catholic Jubilee Year 2025<\/strong><\/h4>\n<p style=\"text-align: center;\">Jubilee 2025 was proclaimed by Pope Francis in the Papal Bull \u201cSpes Non Confundit\u201d (Hope does not disappoint).<br \/>\nIn it, Pope Francis states: \u201cThe coming Jubilee will thus be a Holy Year marked by the hope that does not fade, our hope in God. May it help us to recover the confident trust that we require, in the Church and in society, in our interpersonal relationships, in international relations, and in our task of promoting the dignity of all persons and respect for God\u2019s gift of creation.\u201d<\/p>\n<p style=\"text-align: center;\">And it is with great hope in our hearts that we march into 2025. Hoping for all of the above that Pope Francis hopes for, and also for the hopes that we carry in our hearts: the hope that I may heal, the hope that my family will be well and happy, the hope that the mother delivers a healthy baby, the hope that a young person does well in school and passes on to the next grade, the hope that I may not be deported and my family separated, the hope that my case will be met with compassion and understanding, the hope of getting a better job, the hope that I may see my loved ones soon, the hope that we can pay our bills, the hope that we may be safe, the hope of growing in faith, the hope of living my faith, the hope that my children be safe, the hope for peace, the hope that\u2026\u2026And the list continues on, and on, and on.<\/p>\n<p style=\"text-align: center;\">Where would we be without hope! Hope keeps me going when I\u2019m tired. Hope strengthens me from the inside out. Hope gives me the willingness never to give up. Hope even strengthens me and consoles me when I don\u2019t understand. Hope keeps me believing in what is good and seeking what is good. Hope keeps me from despairing. So much depends on hope!<\/p>\n<p style=\"text-align: center;\">We must do everything we can to keep hope alive among us. Not just within myself. The hope that is shared by a community drives the energy of that community and can even tell the story of what that particular community has become and wants to be. What we hope for defines us.<\/p>\n<p style=\"text-align: center;\">We can take a pilgrimage to Rome to celebrate the Jubilee Year. We can walk through the Holy Doors and visit holy places of pilgrimage. All of this and more we can do to keep this year holy dedicated to keeping hope alive. But here is another thing or two that we can do so as to keep this year holy: We can make a pilgrimage to our hearts and open wide the doors of our hearts. We can walk through those holy doors and pay attention to what God desires of us. The human heart is quite a temple, so sacred and big that it can hold God within. Is there enough room for the \u201cbigness\u201d of God to fit in your hearts and prompt you to what to hope for\u2026for the sake of humanity?<\/p>\n<p style=\"text-align: center;\">Is there enough room for hope of the good kind?<\/p>\n<p style=\"text-align: center;\">You are in my prayers and in my heart. Friar Julio<\/p>\n<h4 style=\"text-align: center;\"><strong>El Jubileo Cat\u00f3lico 2025<\/strong><\/h4>\n<p style=\"text-align: center;\">El Jubileo 2025 fue proclamado por el Papa Francisco en la Bula \u201cSpes Non Confundit\u201d (La esperanza no defrauda).<br \/>\nEn ella, el Papa Francisco afirma:<br \/>\n\u201cEl pr\u00f3ximo Jubileo ser\u00e1, por tanto, un A\u00f1o Santo marcado por la esperanza que no se apaga, nuestra esperanza en Dios. Que nos ayude a recuperar la confianza confiada que necesitamos, en la Iglesia y en la sociedad, en nuestras relaciones interpersonales, en las relaciones internacionales y en nuestra tarea de promover la dignidad de todas las personas y el respeto por el don de Dios de la creaci\u00f3n\u201d.<\/p>\n<p style=\"text-align: center;\">Y es con gran esperanza en nuestros corazones que marchamos hacia el 2025. Esperando todo lo anterior que el Papa Francisco espera, y tambi\u00e9n las esperanzas que llevamos en nuestros corazones: la esperanza de que pueda sanar, la esperanza de que mi familia est\u00e9 bien y feliz, la esperanza de que la madre d\u00e9 a luz a un beb\u00e9 sano, la esperanza de que un joven tenga un buen desempe\u00f1o en la escuela y pase al siguiente grado, la esperanza de que no me deporten y que mi familia no se separe, la esperanza de que mi caso sea tratado con compasi\u00f3n y comprensi\u00f3n, la esperanza de conseguir un mejor trabajo, la esperanza de que pueda ver a mis seres queridos pronto, la esperanza de que podamos pagar nuestras cuentas, la esperanza de que podamos estar a salvo, la esperanza de crecer en la fe, la esperanza de vivir mi fe, la esperanza de que mis hijos est\u00e9n a salvo, la esperanza de paz, la esperanza de que\u2026\u2026\u2026\u2026\u2026<br \/>\nY la lista contin\u00faa, y contin\u00faa, y contin\u00faa.<\/p>\n<p style=\"text-align: center;\">\u00a1D\u00f3nde estar\u00edamos sin esperanza! La esperanza me mantiene en marcha cuando estoy cansado. La esperanza me fortalece de adentro hacia afuera. La esperanza me da la voluntad de nunca rendirme. La esperanza me fortalece y me consuela incluso cuando no entiendo. Me ayuda a creer en lo que es bueno y a buscarlo. Me ayuda a no desesperarme. \u00a1Depende mucho de la esperanza!<\/p>\n<p style=\"text-align: center;\">Debemos hacer todo lo posible para mantener viva la esperanza entre nosotros. No solo dentro de m\u00ed. La esperanza que comparte una comunidad impulsa la energ\u00eda de esa comunidad e incluso puede contar la historia de lo que esa comunidad en particular se ha convertido y quiere ser. Lo que esperamos nos define.<\/p>\n<p style=\"text-align: center;\">Podemos hacer una peregrinaci\u00f3n a Roma para celebrar el A\u00f1o Jubilar. Podemos atravesar las Puertas Santas y visitar lugares sagrados de peregrinaci\u00f3n. Podemos hacer todo esto y m\u00e1s para mantener sagrado este a\u00f1o dedicado a<br \/>\nmantener viva la esperanza. Pero hay otra cosa o dos que podemos hacer para mantener sagrado este a\u00f1o: podemos hacer una peregrinaci\u00f3n a nuestros corazones y abrir de par en par las puertas de nuestros corazones. Podemos atravesar esas puertas santas y prestar atenci\u00f3n a lo que Dios desea de nosotros. El coraz\u00f3n humano es un verdadero templo, tan sagrado y grande que puede contener a Dios en su interior. \u00bfHay suficiente espacio para que la \u201cgrandeza\u201d de Dios quepa en sus corazones y los impulsen a esperar algo\u2026 por el bien de la humanidad?<\/p>\n<p style=\"text-align: center;\">\u00bfHay suficiente espacio para la esperanza?<\/p>\n<p style=\"text-align: center;\">Est\u00e1n en mis oraciones y en mi coraz\u00f3n. Fray Julio<\/p>\n","protected":false},"excerpt":{"rendered":"<p>The Catholic Jubilee Year 2025 Jubilee 2025 was proclaimed by Pope Francis in the Papal Bull \u201cSpes Non Confundit\u201d (Hope does not disappoint). In it, Pope Francis states: \u201cThe coming Jubilee will&#8230;<\/p>\n","protected":false},"author":6,"featured_media":0,"comment_status":"open","ping_status":"open","sticky":false,"template":"","format":"standard","meta":{"advanced_seo_description":"","jetpack_seo_html_title":"","jetpack_seo_noindex":false,"_jetpack_memberships_contains_paid_content":false,"footnotes":""},"categories":[186],"tags":[],"class_list":["post-8069","post","type-post","status-publish","format-standard","hentry","category-from-the-heart"],"jetpack_featured_media_url":"","jetpack_sharing_enabled":true,"_links":{"self":[{"href":"http:\/\/stjuliasilercity.org\/en\/wp-json\/wp\/v2\/posts\/8069","targetHints":{"allow":["GET"]}}],"collection":[{"href":"http:\/\/stjuliasilercity.org\/en\/wp-json\/wp\/v2\/posts"}],"about":[{"href":"http:\/\/stjuliasilercity.org\/en\/wp-json\/wp\/v2\/types\/post"}],"author":[{"embeddable":true,"href":"http:\/\/stjuliasilercity.org\/en\/wp-json\/wp\/v2\/users\/6"}],"replies":[{"embeddable":true,"href":"http:\/\/stjuliasilercity.org\/en\/wp-json\/wp\/v2\/comments?post=8069"}],"version-history":[{"count":1,"href":"http:\/\/stjuliasilercity.org\/en\/wp-json\/wp\/v2\/posts\/8069\/revisions"}],"predecessor-version":[{"id":8070,"href":"http:\/\/stjuliasilercity.org\/en\/wp-json\/wp\/v2\/posts\/8069\/revisions\/8070"}],"wp:attachment":[{"href":"http:\/\/stjuliasilercity.org\/en\/wp-json\/wp\/v2\/media?parent=8069"}],"wp:term":[{"taxonomy":"category","embeddable":true,"href":"http:\/\/stjuliasilercity.org\/en\/wp-json\/wp\/v2\/categories?post=8069"},{"taxonomy":"post_tag","embeddable":true,"href":"http:\/\/stjuliasilercity.org\/en\/wp-json\/wp\/v2\/tags?post=8069"}],"curies":[{"name":"wp","href":"https:\/\/api.w.org\/{rel}","templated":true}]}}