{"id":10882,"date":"2025-09-12T13:13:53","date_gmt":"2025-09-12T17:13:53","guid":{"rendered":"https:\/\/stjuliasilercity.org\/?p=10882"},"modified":"2025-09-12T13:13:53","modified_gmt":"2025-09-12T17:13:53","slug":"thank-you-gracias","status":"publish","type":"post","link":"http:\/\/stjuliasilercity.org\/en\/thank-you-gracias\/","title":{"rendered":"Thank You! \u00a1Gracias!"},"content":{"rendered":"<h3 style=\"text-align: center;\">Thank You, Thank You, Thank You!!<\/h3>\n<p>Dear Good People of St. Julia,<\/p>\n<p>I want to thank everyone who worked and contributed to making our Parish Festival a great success. I am so grateful and proud of all of us.<\/p>\n<p>In a very special way I want to thank and congratulate Yasmin, who is the leader, motivator, organizer and everything else that is required to create the Parish Festival. From day one, Yasmin has proven to be a great leader and servant of our parish family. I greatly admire her ideas, her organizational skills, commitment, and never tiring attitude. Yasmin, we are very grateful for your service to our community, and we pray that God may bless you with abundant blessings and love. Thank you!<\/p>\n<p>Depending on the final count of our profit, we will take a certain percent and apply it to the Bishop\u2019s Annual Appeal (BAA) and the rest will go into the account for Phase 1 of the Master Plan. We will do the same with the proceeds from the Guadalupe celebrations.<\/p>\n<p>This month we began a second monthly collection for the Bishop\u2019s Annual Appeal. This year we will once again do our best to reach our goal, as we did last year, without burdening the parish family too much. We have continued to take out about 3% of our weekly collection and apply it to the BAA. It is my hope that together with the commitment that some of our people make directly with the Diocese, we will meet our goal and obligation to the greater Catholic community of our Diocese.<\/p>\n<p>Our parish family has a few financial challenges in order to complete Phase 1 of the Master Plan, remodeling the church interior, and repairing some of the exterior walls and painting. We will do it with everyone\u2019s cooperation and generosity. When Phase 1 begins, we are going to ask many of you to contribute your time and talent. I hope you will come forward the way you always do so that we can complete this task as soon as possible and keep it within budget.<\/p>\n<p>Thank you to all of you for making St. Julia such a joyful and wonderful parish family. I don\u2019t know if you know this, but we are known in the Diocese as a parish that has the feel and warmth of family. I\u2019m so glad that we have all created such a welcoming family here. And Yes!, we are also known as a community of deep faith and dedication. Isn\u2019t that great!!!!!<\/p>\n<p>You are in my prayers and in my heart. Friar Julio<\/p>\n<p>&nbsp;<\/p>\n<h3 style=\"text-align: center;\">\u00a1Gracias, gracias, gracias!<\/h3>\n<p>Querida gente de Santa Julia,<\/p>\n<p>Quiero agradecer a todos los que trabajaron y contribuyeron para que nuestro Festival Parroquial fuera un gran \u00e9xito. Estoy muy agradecido y orgulloso de todos nosotros.<\/p>\n<p>De manera muy especial, quiero agradecer y felicitar a Yasmin, quien es la l\u00edder, motivadora, organizadora y todo lo necesario para crear el Festival Parroquial. Desde el primer d\u00eda, Yasmin ha demostrado ser una gran l\u00edder y servidora de nuestra familia parroquial. Admiro profundamente sus ideas, su capacidad de organizaci\u00f3n, su compromiso y su incansable actitud. Yasmin, estamos muy agradecidos por tu servicio a nuestra comunidad y oramos para que Dios te bendiga con abundantes bendiciones y amor. \u00a1Gracias!<\/p>\n<p>Dependiendo del resultado final de nuestras ganancias, destinaremos un porcentaje a la Campa\u00f1a Anual del Obispo (BAA) y el resto se destinar\u00e1 a la cuenta para la Fase 1 del Plan Maestro. Haremos lo mismo con las ganancias de las celebraciones de Guadalupe.<\/p>\n<p>Este mes iniciamos la segunda colecta mensual para la Campa\u00f1a Anual del Obispo. Este a\u00f1o, como el a\u00f1o pasado, nos esforzaremos al m\u00e1ximo para alcanzar nuestra meta, sin sobrecargar demasiado a la familia parroquial. Hemos continuado destinando aproximadamente el 3% de nuestra colecta semanal a la Campa\u00f1a Anual del Obispo. Espero que, junto con el compromiso que algunos de nuestros feligreses hacen directamente con la Di\u00f3cesis, cumplamos con nuestra meta y compromiso con la comunidad cat\u00f3lica de nuestra Di\u00f3cesis.<\/p>\n<p>Nuestra familia parroquial enfrenta algunas dificultades financieras para completar la Fase 1 del Plan Maestro, que consiste tambi\u00e9n en remodelar el interior de la iglesia, reparar algunas de las paredes exteriores y pintar. Lo haremos con la cooperaci\u00f3n y generosidad de todos. Cuando comience la Fase 1, les pediremos a muchos de ustedes que contribuyan con su tiempo y talento. Espero que se presenten como siempre para que podamos completar esta tarea lo antes posible y mantenernos dentro del presupuesto.<\/p>\n<p>Gracias a todos por hacer de Santa Julia una familia parroquial tan alegre y maravillosa. No s\u00e9 si lo saben, pero en la Di\u00f3cesis nos conocen como una parroquia con un ambiente familiar. Me alegra mucho que hayamos creado una familia tan acogedora. Y, \u00a1s\u00ed!, tambi\u00e9n somos conocidos como una comunidad de profunda fe y dedicaci\u00f3n. \u00a1Qu\u00e9 maravilla!<\/p>\n<p>Los tengo en mis oraciones y en mi coraz\u00f3n. Fray Julio<\/p>\n","protected":false},"excerpt":{"rendered":"<p>Thank You, Thank You, Thank You!! Dear Good People of St. Julia, I want to thank everyone who worked and contributed to making our Parish Festival a great success. I am so&#8230;<\/p>\n","protected":false},"author":6,"featured_media":0,"comment_status":"open","ping_status":"open","sticky":false,"template":"","format":"standard","meta":{"advanced_seo_description":"","jetpack_seo_html_title":"","jetpack_seo_noindex":false,"_jetpack_memberships_contains_paid_content":false,"footnotes":""},"categories":[186],"tags":[],"class_list":["post-10882","post","type-post","status-publish","format-standard","hentry","category-from-the-heart"],"jetpack_featured_media_url":"","jetpack_sharing_enabled":true,"_links":{"self":[{"href":"http:\/\/stjuliasilercity.org\/en\/wp-json\/wp\/v2\/posts\/10882","targetHints":{"allow":["GET"]}}],"collection":[{"href":"http:\/\/stjuliasilercity.org\/en\/wp-json\/wp\/v2\/posts"}],"about":[{"href":"http:\/\/stjuliasilercity.org\/en\/wp-json\/wp\/v2\/types\/post"}],"author":[{"embeddable":true,"href":"http:\/\/stjuliasilercity.org\/en\/wp-json\/wp\/v2\/users\/6"}],"replies":[{"embeddable":true,"href":"http:\/\/stjuliasilercity.org\/en\/wp-json\/wp\/v2\/comments?post=10882"}],"version-history":[{"count":2,"href":"http:\/\/stjuliasilercity.org\/en\/wp-json\/wp\/v2\/posts\/10882\/revisions"}],"predecessor-version":[{"id":10884,"href":"http:\/\/stjuliasilercity.org\/en\/wp-json\/wp\/v2\/posts\/10882\/revisions\/10884"}],"wp:attachment":[{"href":"http:\/\/stjuliasilercity.org\/en\/wp-json\/wp\/v2\/media?parent=10882"}],"wp:term":[{"taxonomy":"category","embeddable":true,"href":"http:\/\/stjuliasilercity.org\/en\/wp-json\/wp\/v2\/categories?post=10882"},{"taxonomy":"post_tag","embeddable":true,"href":"http:\/\/stjuliasilercity.org\/en\/wp-json\/wp\/v2\/tags?post=10882"}],"curies":[{"name":"wp","href":"https:\/\/api.w.org\/{rel}","templated":true}]}}